{"id":12658,"date":"2021-11-25T10:31:04","date_gmt":"2021-11-25T15:31:04","guid":{"rendered":"https:\/\/microcreditmontreal.ca\/?p=12658"},"modified":"2021-11-25T10:34:31","modified_gmt":"2021-11-25T15:34:31","slug":"facebook-for-your-business","status":"publish","type":"post","link":"https:\/\/microcreditmontreal.ca\/en\/2021\/11\/25\/facebook-for-your-business\/","title":{"rendered":"Facebook and Instagram for your business : A serie of workshops on the digital communication"},"content":{"rendered":"<p style=\"text-align: left;\">Workshop 4&amp;5 : <strong>Facebook and Instagram<\/strong> for your business<\/p>\n<p>&nbsp;<\/p>\n<p>Facebook : November 26th from 10 a.m. to 12 p.m.<\/p>\n<p>Instagram : December 3rd from 10 a.m. to 12 p.m.<\/p>\n<p style=\"text-align: left;\">There trainings are offered by Microcr\u00e9dit Montr\u00e9al and presented by par <a href=\"https:\/\/aliasnumerik.com\/\">Alias Num\u00e9rik<\/a><\/p>\n<h6 style=\"text-align: center;\"><span class=\"Boutton\"><a href=\"https:\/\/aliasnumerik.com\/formations-microcredit\/\">Je m&#8217;inscris<\/a><\/span><\/h6>\n<p style=\"text-align: left;\">\n","protected":false},"excerpt":{"rendered":"<p>Workshop 4&amp;5 : Facebook and Instagram for your business &nbsp; Facebook : November 26th from 10 a.m. to 12 p.m. Instagram : December 3rd from 10 a.m. to 12 p.m. There trainings are offered by Microcr\u00e9dit Montr\u00e9al and presented by par Alias Num\u00e9rik Je m&#8217;inscris<\/p>\n","protected":false},"author":1,"featured_media":12659,"comment_status":"closed","ping_status":"closed","sticky":false,"template":"","format":"standard","meta":{"_acf_changed":false,"footnotes":""},"categories":[83],"tags":[],"publication-status":[],"carrousel":[74],"class_list":["post-12658","post","type-post","status-publish","format-standard","has-post-thumbnail","hentry","category-caroussel","carrousel-page_accueil"],"acf":[],"yoast_head":"<!-- This site is optimized with the Yoast SEO plugin v27.5 - https:\/\/yoast.com\/product\/yoast-seo-wordpress\/ -->\n<title>Facebook and Instagram for your business : A serie of workshops on the digital communication - Microcr\u00e9dit Montr\u00e9al<\/title>\n<meta name=\"robots\" content=\"index, follow, max-snippet:-1, max-image-preview:large, max-video-preview:-1\" \/>\n<link rel=\"canonical\" href=\"https:\/\/microcreditmontreal.ca\/en\/2021\/11\/25\/facebook-for-your-business\/\" \/>\n<meta property=\"og:locale\" content=\"en_US\" \/>\n<meta property=\"og:type\" content=\"article\" \/>\n<meta property=\"og:title\" content=\"Facebook and Instagram for your business : A serie of workshops on the digital communication - Microcr\u00e9dit Montr\u00e9al\" \/>\n<meta property=\"og:description\" content=\"Workshop 4&amp;5 : Facebook and Instagram for your business &nbsp; Facebook : November 26th from 10 a.m. to 12 p.m. Instagram : December 3rd from 10 a.m. to 12 p.m. There trainings are offered by Microcr\u00e9dit Montr\u00e9al and presented by par Alias Num\u00e9rik Je m&#8217;inscris\" \/>\n<meta property=\"og:url\" content=\"https:\/\/microcreditmontreal.ca\/en\/2021\/11\/25\/facebook-for-your-business\/\" \/>\n<meta property=\"og:site_name\" content=\"Microcr\u00e9dit Montr\u00e9al\" \/>\n<meta property=\"article:published_time\" content=\"2021-11-25T15:31:04+00:00\" \/>\n<meta property=\"article:modified_time\" content=\"2021-11-25T15:34:31+00:00\" \/>\n<meta property=\"og:image\" content=\"https:\/\/microcreditmontreal.ca\/wp-content\/uploads\/2021\/11\/English-Facebook.png\" \/>\n\t<meta property=\"og:image:width\" content=\"1080\" \/>\n\t<meta property=\"og:image:height\" content=\"1080\" \/>\n\t<meta property=\"og:image:type\" content=\"image\/png\" \/>\n<meta name=\"author\" content=\"admin\" \/>\n<meta name=\"twitter:card\" content=\"summary_large_image\" \/>\n<script type=\"application\/ld+json\" class=\"yoast-schema-graph\">{\"@context\":\"https:\\\/\\\/schema.org\",\"@graph\":[{\"@type\":\"Article\",\"@id\":\"https:\\\/\\\/microcreditmontreal.ca\\\/en\\\/2021\\\/11\\\/25\\\/facebook-for-your-business\\\/#article\",\"isPartOf\":{\"@id\":\"https:\\\/\\\/microcreditmontreal.ca\\\/en\\\/2021\\\/11\\\/25\\\/facebook-for-your-business\\\/\"},\"author\":{\"name\":\"admin\",\"@id\":\"https:\\\/\\\/microcreditmontreal.ca\\\/#\\\/schema\\\/person\\\/ca624e771343e0b7c7ab98205bfd8060\"},\"headline\":\"Facebook and Instagram for your business : A serie of workshops on the digital communication\",\"datePublished\":\"2021-11-25T15:31:04+00:00\",\"dateModified\":\"2021-11-25T15:34:31+00:00\",\"mainEntityOfPage\":{\"@id\":\"https:\\\/\\\/microcreditmontreal.ca\\\/en\\\/2021\\\/11\\\/25\\\/facebook-for-your-business\\\/\"},\"wordCount\":60,\"publisher\":{\"@id\":\"https:\\\/\\\/microcreditmontreal.ca\\\/#organization\"},\"image\":{\"@id\":\"https:\\\/\\\/microcreditmontreal.ca\\\/en\\\/2021\\\/11\\\/25\\\/facebook-for-your-business\\\/#primaryimage\"},\"thumbnailUrl\":\"https:\\\/\\\/microcreditmontreal.ca\\\/wp-content\\\/uploads\\\/2021\\\/11\\\/English-Facebook.png\",\"articleSection\":[\"Caroussel\"],\"inLanguage\":\"en-US\"},{\"@type\":\"WebPage\",\"@id\":\"https:\\\/\\\/microcreditmontreal.ca\\\/en\\\/2021\\\/11\\\/25\\\/facebook-for-your-business\\\/\",\"url\":\"https:\\\/\\\/microcreditmontreal.ca\\\/en\\\/2021\\\/11\\\/25\\\/facebook-for-your-business\\\/\",\"name\":\"Facebook and Instagram for your business : A serie of workshops on the digital communication - Microcr\u00e9dit Montr\u00e9al\",\"isPartOf\":{\"@id\":\"https:\\\/\\\/microcreditmontreal.ca\\\/#website\"},\"primaryImageOfPage\":{\"@id\":\"https:\\\/\\\/microcreditmontreal.ca\\\/en\\\/2021\\\/11\\\/25\\\/facebook-for-your-business\\\/#primaryimage\"},\"image\":{\"@id\":\"https:\\\/\\\/microcreditmontreal.ca\\\/en\\\/2021\\\/11\\\/25\\\/facebook-for-your-business\\\/#primaryimage\"},\"thumbnailUrl\":\"https:\\\/\\\/microcreditmontreal.ca\\\/wp-content\\\/uploads\\\/2021\\\/11\\\/English-Facebook.png\",\"datePublished\":\"2021-11-25T15:31:04+00:00\",\"dateModified\":\"2021-11-25T15:34:31+00:00\",\"breadcrumb\":{\"@id\":\"https:\\\/\\\/microcreditmontreal.ca\\\/en\\\/2021\\\/11\\\/25\\\/facebook-for-your-business\\\/#breadcrumb\"},\"inLanguage\":\"en-US\",\"potentialAction\":[{\"@type\":\"ReadAction\",\"target\":[\"https:\\\/\\\/microcreditmontreal.ca\\\/en\\\/2021\\\/11\\\/25\\\/facebook-for-your-business\\\/\"]}]},{\"@type\":\"ImageObject\",\"inLanguage\":\"en-US\",\"@id\":\"https:\\\/\\\/microcreditmontreal.ca\\\/en\\\/2021\\\/11\\\/25\\\/facebook-for-your-business\\\/#primaryimage\",\"url\":\"https:\\\/\\\/microcreditmontreal.ca\\\/wp-content\\\/uploads\\\/2021\\\/11\\\/English-Facebook.png\",\"contentUrl\":\"https:\\\/\\\/microcreditmontreal.ca\\\/wp-content\\\/uploads\\\/2021\\\/11\\\/English-Facebook.png\",\"width\":\"1080\",\"height\":\"1080\"},{\"@type\":\"BreadcrumbList\",\"@id\":\"https:\\\/\\\/microcreditmontreal.ca\\\/en\\\/2021\\\/11\\\/25\\\/facebook-for-your-business\\\/#breadcrumb\",\"itemListElement\":[{\"@type\":\"ListItem\",\"position\":1,\"name\":\"Accueil\",\"item\":\"https:\\\/\\\/microcreditmontreal.ca\\\/en\\\/\"},{\"@type\":\"ListItem\",\"position\":2,\"name\":\"Facebook and Instagram for your business : A serie of workshops on the digital communication\"}]},{\"@type\":\"WebSite\",\"@id\":\"https:\\\/\\\/microcreditmontreal.ca\\\/#website\",\"url\":\"https:\\\/\\\/microcreditmontreal.ca\\\/\",\"name\":\"Microcr\u00e9dit Montr\u00e9al\",\"description\":\"\",\"publisher\":{\"@id\":\"https:\\\/\\\/microcreditmontreal.ca\\\/#organization\"},\"potentialAction\":[{\"@type\":\"SearchAction\",\"target\":{\"@type\":\"EntryPoint\",\"urlTemplate\":\"https:\\\/\\\/microcreditmontreal.ca\\\/?s={search_term_string}\"},\"query-input\":{\"@type\":\"PropertyValueSpecification\",\"valueRequired\":true,\"valueName\":\"search_term_string\"}}],\"inLanguage\":\"en-US\"},{\"@type\":\"Organization\",\"@id\":\"https:\\\/\\\/microcreditmontreal.ca\\\/#organization\",\"name\":\"Microcr\u00e9dit Montr\u00e9al\",\"url\":\"https:\\\/\\\/microcreditmontreal.ca\\\/\",\"logo\":{\"@type\":\"ImageObject\",\"inLanguage\":\"en-US\",\"@id\":\"https:\\\/\\\/microcreditmontreal.ca\\\/#\\\/schema\\\/logo\\\/image\\\/\",\"url\":\"https:\\\/\\\/microcreditmontreal.ca\\\/wp-content\\\/uploads\\\/2025\\\/01\\\/MM_signature35ans.png\",\"contentUrl\":\"https:\\\/\\\/microcreditmontreal.ca\\\/wp-content\\\/uploads\\\/2025\\\/01\\\/MM_signature35ans.png\",\"width\":\"1051\",\"height\":\"333\",\"caption\":\"Microcr\u00e9dit Montr\u00e9al\"},\"image\":{\"@id\":\"https:\\\/\\\/microcreditmontreal.ca\\\/#\\\/schema\\\/logo\\\/image\\\/\"}},{\"@type\":\"Person\",\"@id\":\"https:\\\/\\\/microcreditmontreal.ca\\\/#\\\/schema\\\/person\\\/ca624e771343e0b7c7ab98205bfd8060\",\"name\":\"admin\",\"image\":{\"@type\":\"ImageObject\",\"inLanguage\":\"en-US\",\"@id\":\"https:\\\/\\\/secure.gravatar.com\\\/avatar\\\/22de38b05755ec05894a99994dec1a1967eb691a7f8ffa234a8829153bdd686b?s=96&d=mm&r=g\",\"url\":\"https:\\\/\\\/secure.gravatar.com\\\/avatar\\\/22de38b05755ec05894a99994dec1a1967eb691a7f8ffa234a8829153bdd686b?s=96&d=mm&r=g\",\"contentUrl\":\"https:\\\/\\\/secure.gravatar.com\\\/avatar\\\/22de38b05755ec05894a99994dec1a1967eb691a7f8ffa234a8829153bdd686b?s=96&d=mm&r=g\",\"caption\":\"admin\"},\"url\":\"https:\\\/\\\/microcreditmontreal.ca\\\/en\\\/author\\\/admin_micro\\\/\"}]}<\/script>\n<!-- \/ Yoast SEO plugin. -->","yoast_head_json":{"title":"Facebook and Instagram for your business : A serie of workshops on the digital communication - Microcr\u00e9dit Montr\u00e9al","robots":{"index":"index","follow":"follow","max-snippet":"max-snippet:-1","max-image-preview":"max-image-preview:large","max-video-preview":"max-video-preview:-1"},"canonical":"https:\/\/microcreditmontreal.ca\/en\/2021\/11\/25\/facebook-for-your-business\/","og_locale":"en_US","og_type":"article","og_title":"Facebook and Instagram for your business : A serie of workshops on the digital communication - Microcr\u00e9dit Montr\u00e9al","og_description":"Workshop 4&amp;5 : Facebook and Instagram for your business &nbsp; Facebook : November 26th from 10 a.m. to 12 p.m. Instagram : December 3rd from 10 a.m. to 12 p.m. There trainings are offered by Microcr\u00e9dit Montr\u00e9al and presented by par Alias Num\u00e9rik Je m&#8217;inscris","og_url":"https:\/\/microcreditmontreal.ca\/en\/2021\/11\/25\/facebook-for-your-business\/","og_site_name":"Microcr\u00e9dit Montr\u00e9al","article_published_time":"2021-11-25T15:31:04+00:00","article_modified_time":"2021-11-25T15:34:31+00:00","og_image":[{"width":1080,"height":1080,"url":"https:\/\/microcreditmontreal.ca\/wp-content\/uploads\/2021\/11\/English-Facebook.png","type":"image\/png"}],"author":"admin","twitter_card":"summary_large_image","schema":{"@context":"https:\/\/schema.org","@graph":[{"@type":"Article","@id":"https:\/\/microcreditmontreal.ca\/en\/2021\/11\/25\/facebook-for-your-business\/#article","isPartOf":{"@id":"https:\/\/microcreditmontreal.ca\/en\/2021\/11\/25\/facebook-for-your-business\/"},"author":{"name":"admin","@id":"https:\/\/microcreditmontreal.ca\/#\/schema\/person\/ca624e771343e0b7c7ab98205bfd8060"},"headline":"Facebook and Instagram for your business : A serie of workshops on the digital communication","datePublished":"2021-11-25T15:31:04+00:00","dateModified":"2021-11-25T15:34:31+00:00","mainEntityOfPage":{"@id":"https:\/\/microcreditmontreal.ca\/en\/2021\/11\/25\/facebook-for-your-business\/"},"wordCount":60,"publisher":{"@id":"https:\/\/microcreditmontreal.ca\/#organization"},"image":{"@id":"https:\/\/microcreditmontreal.ca\/en\/2021\/11\/25\/facebook-for-your-business\/#primaryimage"},"thumbnailUrl":"https:\/\/microcreditmontreal.ca\/wp-content\/uploads\/2021\/11\/English-Facebook.png","articleSection":["Caroussel"],"inLanguage":"en-US"},{"@type":"WebPage","@id":"https:\/\/microcreditmontreal.ca\/en\/2021\/11\/25\/facebook-for-your-business\/","url":"https:\/\/microcreditmontreal.ca\/en\/2021\/11\/25\/facebook-for-your-business\/","name":"Facebook and Instagram for your business : A serie of workshops on the digital communication - Microcr\u00e9dit Montr\u00e9al","isPartOf":{"@id":"https:\/\/microcreditmontreal.ca\/#website"},"primaryImageOfPage":{"@id":"https:\/\/microcreditmontreal.ca\/en\/2021\/11\/25\/facebook-for-your-business\/#primaryimage"},"image":{"@id":"https:\/\/microcreditmontreal.ca\/en\/2021\/11\/25\/facebook-for-your-business\/#primaryimage"},"thumbnailUrl":"https:\/\/microcreditmontreal.ca\/wp-content\/uploads\/2021\/11\/English-Facebook.png","datePublished":"2021-11-25T15:31:04+00:00","dateModified":"2021-11-25T15:34:31+00:00","breadcrumb":{"@id":"https:\/\/microcreditmontreal.ca\/en\/2021\/11\/25\/facebook-for-your-business\/#breadcrumb"},"inLanguage":"en-US","potentialAction":[{"@type":"ReadAction","target":["https:\/\/microcreditmontreal.ca\/en\/2021\/11\/25\/facebook-for-your-business\/"]}]},{"@type":"ImageObject","inLanguage":"en-US","@id":"https:\/\/microcreditmontreal.ca\/en\/2021\/11\/25\/facebook-for-your-business\/#primaryimage","url":"https:\/\/microcreditmontreal.ca\/wp-content\/uploads\/2021\/11\/English-Facebook.png","contentUrl":"https:\/\/microcreditmontreal.ca\/wp-content\/uploads\/2021\/11\/English-Facebook.png","width":"1080","height":"1080"},{"@type":"BreadcrumbList","@id":"https:\/\/microcreditmontreal.ca\/en\/2021\/11\/25\/facebook-for-your-business\/#breadcrumb","itemListElement":[{"@type":"ListItem","position":1,"name":"Accueil","item":"https:\/\/microcreditmontreal.ca\/en\/"},{"@type":"ListItem","position":2,"name":"Facebook and Instagram for your business : A serie of workshops on the digital communication"}]},{"@type":"WebSite","@id":"https:\/\/microcreditmontreal.ca\/#website","url":"https:\/\/microcreditmontreal.ca\/","name":"Microcr\u00e9dit Montr\u00e9al","description":"","publisher":{"@id":"https:\/\/microcreditmontreal.ca\/#organization"},"potentialAction":[{"@type":"SearchAction","target":{"@type":"EntryPoint","urlTemplate":"https:\/\/microcreditmontreal.ca\/?s={search_term_string}"},"query-input":{"@type":"PropertyValueSpecification","valueRequired":true,"valueName":"search_term_string"}}],"inLanguage":"en-US"},{"@type":"Organization","@id":"https:\/\/microcreditmontreal.ca\/#organization","name":"Microcr\u00e9dit Montr\u00e9al","url":"https:\/\/microcreditmontreal.ca\/","logo":{"@type":"ImageObject","inLanguage":"en-US","@id":"https:\/\/microcreditmontreal.ca\/#\/schema\/logo\/image\/","url":"https:\/\/microcreditmontreal.ca\/wp-content\/uploads\/2025\/01\/MM_signature35ans.png","contentUrl":"https:\/\/microcreditmontreal.ca\/wp-content\/uploads\/2025\/01\/MM_signature35ans.png","width":"1051","height":"333","caption":"Microcr\u00e9dit Montr\u00e9al"},"image":{"@id":"https:\/\/microcreditmontreal.ca\/#\/schema\/logo\/image\/"}},{"@type":"Person","@id":"https:\/\/microcreditmontreal.ca\/#\/schema\/person\/ca624e771343e0b7c7ab98205bfd8060","name":"admin","image":{"@type":"ImageObject","inLanguage":"en-US","@id":"https:\/\/secure.gravatar.com\/avatar\/22de38b05755ec05894a99994dec1a1967eb691a7f8ffa234a8829153bdd686b?s=96&d=mm&r=g","url":"https:\/\/secure.gravatar.com\/avatar\/22de38b05755ec05894a99994dec1a1967eb691a7f8ffa234a8829153bdd686b?s=96&d=mm&r=g","contentUrl":"https:\/\/secure.gravatar.com\/avatar\/22de38b05755ec05894a99994dec1a1967eb691a7f8ffa234a8829153bdd686b?s=96&d=mm&r=g","caption":"admin"},"url":"https:\/\/microcreditmontreal.ca\/en\/author\/admin_micro\/"}]}},"_links":{"self":[{"href":"https:\/\/microcreditmontreal.ca\/en\/wp-json\/wp\/v2\/posts\/12658","targetHints":{"allow":["GET"]}}],"collection":[{"href":"https:\/\/microcreditmontreal.ca\/en\/wp-json\/wp\/v2\/posts"}],"about":[{"href":"https:\/\/microcreditmontreal.ca\/en\/wp-json\/wp\/v2\/types\/post"}],"author":[{"embeddable":true,"href":"https:\/\/microcreditmontreal.ca\/en\/wp-json\/wp\/v2\/users\/1"}],"replies":[{"embeddable":true,"href":"https:\/\/microcreditmontreal.ca\/en\/wp-json\/wp\/v2\/comments?post=12658"}],"version-history":[{"count":0,"href":"https:\/\/microcreditmontreal.ca\/en\/wp-json\/wp\/v2\/posts\/12658\/revisions"}],"wp:featuredmedia":[{"embeddable":true,"href":"https:\/\/microcreditmontreal.ca\/en\/wp-json\/wp\/v2\/media\/12659"}],"wp:attachment":[{"href":"https:\/\/microcreditmontreal.ca\/en\/wp-json\/wp\/v2\/media?parent=12658"}],"wp:term":[{"taxonomy":"category","embeddable":true,"href":"https:\/\/microcreditmontreal.ca\/en\/wp-json\/wp\/v2\/categories?post=12658"},{"taxonomy":"post_tag","embeddable":true,"href":"https:\/\/microcreditmontreal.ca\/en\/wp-json\/wp\/v2\/tags?post=12658"},{"taxonomy":"publication-status","embeddable":true,"href":"https:\/\/microcreditmontreal.ca\/en\/wp-json\/wp\/v2\/publication-status?post=12658"},{"taxonomy":"carrousel","embeddable":true,"href":"https:\/\/microcreditmontreal.ca\/en\/wp-json\/wp\/v2\/carrousel?post=12658"}],"curies":[{"name":"wp","href":"https:\/\/api.w.org\/{rel}","templated":true}]}}